{"id":10235,"date":"2016-07-19T08:29:23","date_gmt":"2016-07-19T06:29:23","guid":{"rendered":"http:\/\/www.rwg-bayreuth.de\/home\/?page_id=10235"},"modified":"2019-05-17T09:07:20","modified_gmt":"2019-05-17T07:07:20","slug":"tag-der-begabten","status":"publish","type":"post","link":"https:\/\/www.rwg-bayreuth.de\/home\/?p=10235","title":{"rendered":"Tag der Begabten"},"content":{"rendered":"<div id=\"attachment_10231\" style=\"width: 360px\" class=\"wp-caption alignleft\"><a href=\"https:\/\/www.rwg-bayreuth.de\/home\/wp-content\/uploads\/2016\/07\/2015-16_Begabtentag_web.jpg\"><img loading=\"lazy\" decoding=\"async\" aria-describedby=\"caption-attachment-10231\" class=\"size-full wp-image-10231\" src=\"https:\/\/www.rwg-bayreuth.de\/home\/wp-content\/uploads\/2016\/07\/2015-16_Begabtentag_web.jpg\" alt=\"Die Begabten verbrachten einen interessanten Tag.\" width=\"350\" height=\"197\" srcset=\"https:\/\/www.rwg-bayreuth.de\/home\/wp-content\/uploads\/2016\/07\/2015-16_Begabtentag_web.jpg 350w, https:\/\/www.rwg-bayreuth.de\/home\/wp-content\/uploads\/2016\/07\/2015-16_Begabtentag_web-150x84.jpg 150w, https:\/\/www.rwg-bayreuth.de\/home\/wp-content\/uploads\/2016\/07\/2015-16_Begabtentag_web-300x169.jpg 300w, https:\/\/www.rwg-bayreuth.de\/home\/wp-content\/uploads\/2016\/07\/2015-16_Begabtentag_web-250x141.jpg 250w\" sizes=\"(max-width: 350px) 100vw, 350px\" \/><\/a><p id=\"caption-attachment-10231\" class=\"wp-caption-text\">Die Chemieexperten verbrachten<br \/>einen interessanten Tag.<\/p><\/div>\n<p>Endlich war es so weit: Der gro\u00dfe Tag der Begabtenf\u00f6rderung auf Kloster Banz stand an.<\/p>\n<p>Gleich morgens trafen sich alle eingeladenen Sch\u00fcler der regionalen Begabtenf\u00f6rderkurse der Gymnasien in Bayreuth am Parkplatz beim Kreuzsteinbad und fuhren gemeinsam Richtung Coburg zum Kloster Banz. Unser Gymnasium stellte mit 18 Sch\u00fclerinnen des Begabtenkurses \u201eChemieexperten\u201c die gr\u00f6\u00dfte Gruppe. Nach einer kurzweiligen einst\u00fcndigen Fahrt kamen wir schlie\u00dflich an einem wundersch\u00f6nen Anwesen, welches einer alten Burgfestung \u00e4hnelte, an. Wir betraten einen alten Innenhof und staunten: eine gro\u00dfz\u00fcgige Au\u00dfentreppe f\u00fchrte zu dem Hauptgeb\u00e4ude, umrahmt von Blumenbeeten und herrlich duftendem Lavendel. Zahlreiche Sch\u00fcler str\u00f6mten zu diesem Zeitpunkt gleichzeitig mit uns in das Innere des ehemaligen Klosters.<\/p>\n<p>Nachdem die Teilnehmer aller oberfr\u00e4nkischen Gymnasien eingetroffen waren, erwarteten wir in einem gro\u00dfen Seminarraum die Begr\u00fc\u00dfung durch den Ministerialbeauftragten Dr. Edmund Neubauer. Im Anschluss daran lernten wir einiges \u00fcber die Medien in unserer Gesellschaft und sahen ausgew\u00e4hlte Pr\u00e4sentationen der verschiedenen Begabtenf\u00f6rderkurse.<\/p>\n<p>Nach einer St\u00e4rkung mit Leberk\u00e4se und Kartoffelsalat sowie diversen anderen Beilagen nutzten wir nach dem Mittagessen noch die verbleibende Zeit, um uns das Gel\u00e4nde um Kloster Banz etwas genauer anzusehen. Kurz darauf ging es dann allerdings auch gleich wieder mit den von uns gew\u00e4hlten Workshops weiter. Ich besuchte den Workshop mit dem Thema: \u201e Wie funktioniert ein Unternehmen?\u201c, gehalten von Prof. Dr. Elmar J. Sinz. Ich erfuhr, welche Unternehmensgruppen es gibt und wie diese organisiert sind. Nach eineinhalb Stunden, welche schnell vergingen, waren alle wirklich geschafft: So viele neue Eindr\u00fccke und Erfahrungen!<\/p>\n<p>Um 16:45 Uhr brachte uns ein Reisebus wieder zur\u00fcck nach Bayreuth und ein anstrengender, aber \u00e4u\u00dferst interessanter Tag ging zu Ende.<\/p>\n<p><em>Paula Weigelt (7e)<\/em><\/p>\n","protected":false},"excerpt":{"rendered":"<p>Endlich war es so weit: Der gro\u00dfe Tag der Begabtenf\u00f6rderung auf Kloster Banz stand an. Gleich morgens trafen sich alle eingeladenen Sch\u00fcler der regionalen Begabtenf\u00f6rderkurse der Gymnasien in Bayreuth am Parkplatz beim Kreuzsteinbad und fuhren gemeinsam Richtung Coburg zum Kloster Banz. Unser Gymnasium stellte mit 18 Sch\u00fclerinnen des Begabtenkurses \u201eChemieexperten\u201c die gr\u00f6\u00dfte Gruppe. Nach einer&hellip;<\/p>\n","protected":false},"author":2,"featured_media":10231,"comment_status":"closed","ping_status":"closed","sticky":false,"template":"","format":"standard","meta":{"footnotes":""},"categories":[1],"tags":[101,39,96],"_links":{"self":[{"href":"https:\/\/www.rwg-bayreuth.de\/home\/index.php?rest_route=\/wp\/v2\/posts\/10235"}],"collection":[{"href":"https:\/\/www.rwg-bayreuth.de\/home\/index.php?rest_route=\/wp\/v2\/posts"}],"about":[{"href":"https:\/\/www.rwg-bayreuth.de\/home\/index.php?rest_route=\/wp\/v2\/types\/post"}],"author":[{"embeddable":true,"href":"https:\/\/www.rwg-bayreuth.de\/home\/index.php?rest_route=\/wp\/v2\/users\/2"}],"replies":[{"embeddable":true,"href":"https:\/\/www.rwg-bayreuth.de\/home\/index.php?rest_route=%2Fwp%2Fv2%2Fcomments&post=10235"}],"version-history":[{"count":4,"href":"https:\/\/www.rwg-bayreuth.de\/home\/index.php?rest_route=\/wp\/v2\/posts\/10235\/revisions"}],"predecessor-version":[{"id":14446,"href":"https:\/\/www.rwg-bayreuth.de\/home\/index.php?rest_route=\/wp\/v2\/posts\/10235\/revisions\/14446"}],"wp:featuredmedia":[{"embeddable":true,"href":"https:\/\/www.rwg-bayreuth.de\/home\/index.php?rest_route=\/wp\/v2\/media\/10231"}],"wp:attachment":[{"href":"https:\/\/www.rwg-bayreuth.de\/home\/index.php?rest_route=%2Fwp%2Fv2%2Fmedia&parent=10235"}],"wp:term":[{"taxonomy":"category","embeddable":true,"href":"https:\/\/www.rwg-bayreuth.de\/home\/index.php?rest_route=%2Fwp%2Fv2%2Fcategories&post=10235"},{"taxonomy":"post_tag","embeddable":true,"href":"https:\/\/www.rwg-bayreuth.de\/home\/index.php?rest_route=%2Fwp%2Fv2%2Ftags&post=10235"}],"curies":[{"name":"wp","href":"https:\/\/api.w.org\/{rel}","templated":true}]}}