{"id":10151,"date":"2016-06-30T20:43:07","date_gmt":"2016-06-30T18:43:07","guid":{"rendered":"http:\/\/www.rwg-bayreuth.de\/home\/?page_id=10151"},"modified":"2018-01-18T15:33:23","modified_gmt":"2018-01-18T14:33:23","slug":"bundeswettbewerb-fremdsprachen","status":"publish","type":"post","link":"https:\/\/www.rwg-bayreuth.de\/home\/?p=10151","title":{"rendered":"Bundeswettbewerb Fremdsprachen"},"content":{"rendered":"<div id=\"attachment_10152\" style=\"width: 360px\" class=\"wp-caption alignleft\"><a href=\"https:\/\/www.rwg-bayreuth.de\/home\/wp-content\/uploads\/2016\/06\/2015-16_BW-Fremdspr_web.jpg\"><img loading=\"lazy\" decoding=\"async\" aria-describedby=\"caption-attachment-10152\" class=\"size-full wp-image-10152\" src=\"https:\/\/www.rwg-bayreuth.de\/home\/wp-content\/uploads\/2016\/06\/2015-16_BW-Fremdspr_web.jpg\" alt=\"F\u00fcr die Teilnehmer gab es Urkunden aus den H\u00e4nden der Schulleiterin Ursula Graf (rechts).\" width=\"350\" height=\"269\" srcset=\"https:\/\/www.rwg-bayreuth.de\/home\/wp-content\/uploads\/2016\/06\/2015-16_BW-Fremdspr_web.jpg 350w, https:\/\/www.rwg-bayreuth.de\/home\/wp-content\/uploads\/2016\/06\/2015-16_BW-Fremdspr_web-150x115.jpg 150w, https:\/\/www.rwg-bayreuth.de\/home\/wp-content\/uploads\/2016\/06\/2015-16_BW-Fremdspr_web-300x231.jpg 300w, https:\/\/www.rwg-bayreuth.de\/home\/wp-content\/uploads\/2016\/06\/2015-16_BW-Fremdspr_web-250x192.jpg 250w\" sizes=\"(max-width: 350px) 100vw, 350px\" \/><\/a><p id=\"caption-attachment-10152\" class=\"wp-caption-text\">F\u00fcr die Teilnehmer gab es Urkunden aus den H\u00e4nden<br \/>von Schulleiterin Ursula Graf (rechts).<\/p><\/div>\n<p>Der Bundeswettbewerb Fremdsprachen f\u00f6rdert junge Leute, die gerne und gut mit Sprachen umgehen. Traditionell nahmen auch wieder einige freiwillige RWG Sch\u00fclerinnen am diesj\u00e4hrigen Wettbewerb teil.<\/p>\n<p>Spa\u00df, Motivation, Herausforderung und das Gef\u00fchl etwas geschafft zu haben \u2013 all das ist Teil des Wettbewerbs Solo 8\/9, an dem unsere Sch\u00fclerinnen teilgenommen haben. F\u00fcr die Bew\u00e4ltigung der anspruchsvollen und vorbereitungsintensiven Aufgaben musste jede Teilnehmerin in der von ihr gew\u00e4hlten Wettbewerbssprache zun\u00e4chst eine \u201eHausaufgabe\u201c erledigen, das hei\u00dft, einen Tontr\u00e4ger mit einem Vorlesetext und einer freien \u00c4u\u00dferung besprechen. Im Januar stand dann die Klausur an, in der anspruchsvolle Aufgaben zum H\u00f6r- und Leseverstehen bew\u00e4ltigt sowie landeskundliche Kenntnisse und Schreibf\u00e4higkeit unter Beweis gestellt werden mussten.<\/p>\n<p>Die Sch\u00fclerinnen Sonja Krause (8a) und Emily Greiner (9c) nahmen in der englischen Sprache am Wettbewerb teil. Hannah Stadter aus der 9b, letztes Jahr noch im Englisch-Wettbewerb dabei, wagte sich dieses Mal an die lateinische Pr\u00fcfung und zeigte dabei eine gute Leistung, so dass sie nur knapp an einem Landespreis vorbeischrammte. Da die in allen Sprachen geforderten Leistungen \u00fcber das hinausgehen, was im \u201enormalen\u201c Sprachunterricht am Gymnasium verlangt wird, sind die gezeigten Leistungen sehr positiv zu bewerten.<\/p>\n<p>Nach dem Wettbewerb ist vor dem Wettbewerb: Die Anmeldung f\u00fcr 2016 ist ab Juli bis zum 6. Oktober 2016 m\u00f6glich. Sprecht einfach euren Fremdsprachenlehrer oder Frau H\u00fcbner darauf an! Wir freuen uns \u00fcber zahlreiche Teilnehmer!<\/p>\n<p><em>Annika Rupp<\/em><\/p>\n","protected":false},"excerpt":{"rendered":"<p>Der Bundeswettbewerb Fremdsprachen f\u00f6rdert junge Leute, die gerne und gut mit Sprachen umgehen. Traditionell nahmen auch wieder einige freiwillige RWG Sch\u00fclerinnen am diesj\u00e4hrigen Wettbewerb teil. Spa\u00df, Motivation, Herausforderung und das Gef\u00fchl etwas geschafft zu haben \u2013 all das ist Teil des Wettbewerbs Solo 8\/9, an dem unsere Sch\u00fclerinnen teilgenommen haben. F\u00fcr die Bew\u00e4ltigung der anspruchsvollen&hellip;<\/p>\n","protected":false},"author":2,"featured_media":10152,"comment_status":"closed","ping_status":"closed","sticky":false,"template":"","format":"standard","meta":{"footnotes":""},"categories":[1],"tags":[],"_links":{"self":[{"href":"https:\/\/www.rwg-bayreuth.de\/home\/index.php?rest_route=\/wp\/v2\/posts\/10151"}],"collection":[{"href":"https:\/\/www.rwg-bayreuth.de\/home\/index.php?rest_route=\/wp\/v2\/posts"}],"about":[{"href":"https:\/\/www.rwg-bayreuth.de\/home\/index.php?rest_route=\/wp\/v2\/types\/post"}],"author":[{"embeddable":true,"href":"https:\/\/www.rwg-bayreuth.de\/home\/index.php?rest_route=\/wp\/v2\/users\/2"}],"replies":[{"embeddable":true,"href":"https:\/\/www.rwg-bayreuth.de\/home\/index.php?rest_route=%2Fwp%2Fv2%2Fcomments&post=10151"}],"version-history":[{"count":4,"href":"https:\/\/www.rwg-bayreuth.de\/home\/index.php?rest_route=\/wp\/v2\/posts\/10151\/revisions"}],"predecessor-version":[{"id":18440,"href":"https:\/\/www.rwg-bayreuth.de\/home\/index.php?rest_route=\/wp\/v2\/posts\/10151\/revisions\/18440"}],"wp:featuredmedia":[{"embeddable":true,"href":"https:\/\/www.rwg-bayreuth.de\/home\/index.php?rest_route=\/wp\/v2\/media\/10152"}],"wp:attachment":[{"href":"https:\/\/www.rwg-bayreuth.de\/home\/index.php?rest_route=%2Fwp%2Fv2%2Fmedia&parent=10151"}],"wp:term":[{"taxonomy":"category","embeddable":true,"href":"https:\/\/www.rwg-bayreuth.de\/home\/index.php?rest_route=%2Fwp%2Fv2%2Fcategories&post=10151"},{"taxonomy":"post_tag","embeddable":true,"href":"https:\/\/www.rwg-bayreuth.de\/home\/index.php?rest_route=%2Fwp%2Fv2%2Ftags&post=10151"}],"curies":[{"name":"wp","href":"https:\/\/api.w.org\/{rel}","templated":true}]}}