{"id":10113,"date":"2016-06-25T19:09:17","date_gmt":"2016-06-25T17:09:17","guid":{"rendered":"http:\/\/www.rwg-bayreuth.de\/home\/?page_id=10113"},"modified":"2017-02-14T10:13:29","modified_gmt":"2017-02-14T09:13:29","slug":"die-heldentaten-des-schulalltags","status":"publish","type":"post","link":"https:\/\/www.rwg-bayreuth.de\/home\/?p=10113","title":{"rendered":"Abschied der Abi-Helden"},"content":{"rendered":"<div id=\"attachment_10114\" style=\"width: 610px\" class=\"wp-caption aligncenter\"><a href=\"https:\/\/www.rwg-bayreuth.de\/home\/wp-content\/uploads\/2016\/06\/2015-16_Abiturienten_500.jpg\"><img loading=\"lazy\" decoding=\"async\" aria-describedby=\"caption-attachment-10114\" src=\"https:\/\/www.rwg-bayreuth.de\/home\/wp-content\/uploads\/2016\/06\/2015-16_Abiturienten_500.jpg\" alt=\"Die Verabschiedungsfeier begann mit einem Festgottesdienst in Sankt Georgen.\" width=\"600\" height=\"397\" class=\"size-full wp-image-10114\" srcset=\"https:\/\/www.rwg-bayreuth.de\/home\/wp-content\/uploads\/2016\/06\/2015-16_Abiturienten_500.jpg 600w, https:\/\/www.rwg-bayreuth.de\/home\/wp-content\/uploads\/2016\/06\/2015-16_Abiturienten_500-150x99.jpg 150w, https:\/\/www.rwg-bayreuth.de\/home\/wp-content\/uploads\/2016\/06\/2015-16_Abiturienten_500-450x298.jpg 450w, https:\/\/www.rwg-bayreuth.de\/home\/wp-content\/uploads\/2016\/06\/2015-16_Abiturienten_500-250x165.jpg 250w\" sizes=\"(max-width: 600px) 100vw, 600px\" \/><\/a><p id=\"caption-attachment-10114\" class=\"wp-caption-text\">Die Abifeierlichkeiten begann mit einem Festgottesdienst in Sankt Georgen.<\/p><\/div>\n<p>Mit der feierlichen Verleihung der Zeugnisse ging f\u00fcr die 91 diesj\u00e4hrigen Abiturienten die Schulzeit endg\u00fcltig zu Ende. Aus den H\u00e4nden von Schulleiterin Ursula Graf nahmen sie ihre Reifezeugnisse in Empfang und freuten sich, es geschafft zu haben.<\/p>\n<div id=\"attachment_10115\" style=\"width: 360px\" class=\"wp-caption alignleft\"><a href=\"https:\/\/www.rwg-bayreuth.de\/home\/wp-content\/uploads\/2016\/06\/2015-16_Abi_Geraf_web.jpg\"><img loading=\"lazy\" decoding=\"async\" aria-describedby=\"caption-attachment-10115\" src=\"https:\/\/www.rwg-bayreuth.de\/home\/wp-content\/uploads\/2016\/06\/2015-16_Abi_Geraf_web.jpg\" alt=\"Schulleiterin Ursula Graf lobte ihre Helden.\" width=\"350\" height=\"226\" class=\"size-full wp-image-10115\" srcset=\"https:\/\/www.rwg-bayreuth.de\/home\/wp-content\/uploads\/2016\/06\/2015-16_Abi_Geraf_web.jpg 350w, https:\/\/www.rwg-bayreuth.de\/home\/wp-content\/uploads\/2016\/06\/2015-16_Abi_Geraf_web-150x97.jpg 150w, https:\/\/www.rwg-bayreuth.de\/home\/wp-content\/uploads\/2016\/06\/2015-16_Abi_Geraf_web-300x194.jpg 300w, https:\/\/www.rwg-bayreuth.de\/home\/wp-content\/uploads\/2016\/06\/2015-16_Abi_Geraf_web-250x161.jpg 250w\" sizes=\"(max-width: 350px) 100vw, 350px\" \/><\/a><p id=\"caption-attachment-10115\" class=\"wp-caption-text\">Schulleiterin Ursula Graf lobte ihre Helden.<\/p><\/div>\n<p>Eine nicht zu untersch\u00e4tzende Rolle spielte bei der Verleihung der Zeugnisse vor Eltern, Freunden, Verwandten und Lehrern das Motto, das sich die Abiturienten heuer gegeben hatten: \u201eMit den Abi in den H\u00e4nden \/ Werden Helden zu Legenden.\u201c Schulleiterin Ursula Graf griff es in ihrer Abiturrede dankbar auf und sp\u00fcrte dem Wesen des Heldentums nach. Mit der Lexikondefinition, dass Helden maskuline \u201ehalbgottgleiche Wesen\u201c seien, gab sie sich nicht zufrieden, denn immerhin seien zwei Drittel der RWG-Absolventen Abiturientinnen. Besser sei es, sich auf menschliche Eigenschaften zu besinnen: Nelson Mandela sei dann eher ein Held, weil er etwas f\u00fcr andere tat, oder Marie Curie, die damals als eine der ersten Frauen unter noch schwierigen Bedingungen studierte und damit ein Zeichen setzte. Auf alle F\u00e4lle sei ein Held jemand, der alles tut, was er k\u00f6nne, und dies h\u00e4tten alle RWG-Abiturienten gezeigt. Als \u201eHelden des Alltags\u201c lobte sie die Eltern, ohne deren Unterst\u00fctzung die Abturienten nicht da w\u00e4ren, wo sie jetzt seien, und auch die Lehrer: Als \u201eHelden des Schulalltags\u201c h\u00e4tten sie bis zuletzt nicht aufgegeben, das Beste f\u00fcr ihre Sch\u00fcler zu tun. F\u00fcr die Abiturienten sei es nun an der Zeit, den eigenen Weg zu gehen und die sich stellenden Herausforderungen zu meistern &#8211; als Helden des Alltags oder nach H\u00f6herem strebend.<\/p>\n<div id=\"attachment_10116\" style=\"width: 360px\" class=\"wp-caption alignright\"><a href=\"https:\/\/www.rwg-bayreuth.de\/home\/wp-content\/uploads\/2016\/06\/2015-16_Abi_F\u00e4rber_web.jpg\"><img loading=\"lazy\" decoding=\"async\" aria-describedby=\"caption-attachment-10116\" src=\"https:\/\/www.rwg-bayreuth.de\/home\/wp-content\/uploads\/2016\/06\/2015-16_Abi_F\u00e4rber_web.jpg\" alt=\"Elternbeiratsvorsitzender J\u00fcrgen F\u00e4rber.\" width=\"350\" height=\"243\" class=\"size-full wp-image-10116\" srcset=\"https:\/\/www.rwg-bayreuth.de\/home\/wp-content\/uploads\/2016\/06\/2015-16_Abi_F\u00e4rber_web.jpg 350w, https:\/\/www.rwg-bayreuth.de\/home\/wp-content\/uploads\/2016\/06\/2015-16_Abi_F\u00e4rber_web-150x104.jpg 150w, https:\/\/www.rwg-bayreuth.de\/home\/wp-content\/uploads\/2016\/06\/2015-16_Abi_F\u00e4rber_web-300x208.jpg 300w, https:\/\/www.rwg-bayreuth.de\/home\/wp-content\/uploads\/2016\/06\/2015-16_Abi_F\u00e4rber_web-250x174.jpg 250w\" sizes=\"(max-width: 350px) 100vw, 350px\" \/><\/a><p id=\"caption-attachment-10116\" class=\"wp-caption-text\">Elternbeiratsvorsitzender J\u00fcrgen F\u00e4rber.<\/p><\/div>\n<p>Auch Oberstufenbetreuer Christian Str\u00f6hla setzte sich mit dem Heldentum seiner Sch\u00fctzlinge auseinander und auch er forderte sie auf, dich den Schwierigkeiten des Lebens zu stellen, mit anderen zusammen etwas zu erreichen und nicht stehen zu bleiben, sondern sich auf ihrem Lebensweg weiterzuentwickeln.<\/p>\n<p>Elternbeiratvorsitzender J\u00fcrgen F\u00e4rber hatte bei seiner Gl\u00fcckwunschrede naturgem\u00e4\u00df zun\u00e4chst mehr die Eltern im Auge, f\u00fcr die es nun ein Grund zur Freude sei, dass die Kinder es endlich geschafft h\u00e4tten. Worte des Dankes fand er auch f\u00fcr die Lehrer, die ihre Sch\u00fcler wesentlich mitgepr\u00e4gt h\u00e4tten. Die Abiturienten forderte er auf, sich Ziele zu setzen und sich zu bem\u00fchen, Spuren zu hinterlassen. Daf\u00fcr w\u00fcnsche er Gl\u00fcck und Erfolg.<\/p>\n<div id=\"attachment_10117\" style=\"width: 360px\" class=\"wp-caption alignright\"><a href=\"https:\/\/www.rwg-bayreuth.de\/home\/wp-content\/uploads\/2016\/06\/2015-16_Abi_Sprecher_web.jpg\"><img loading=\"lazy\" decoding=\"async\" aria-describedby=\"caption-attachment-10117\" src=\"https:\/\/www.rwg-bayreuth.de\/home\/wp-content\/uploads\/2016\/06\/2015-16_Abi_Sprecher_web.jpg\" alt=\"Die Sprecherinnen der Abiturienten dankten Lehrern und Eltern.\" width=\"350\" height=\"249\" class=\"size-full wp-image-10117\" srcset=\"https:\/\/www.rwg-bayreuth.de\/home\/wp-content\/uploads\/2016\/06\/2015-16_Abi_Sprecher_web.jpg 350w, https:\/\/www.rwg-bayreuth.de\/home\/wp-content\/uploads\/2016\/06\/2015-16_Abi_Sprecher_web-150x107.jpg 150w, https:\/\/www.rwg-bayreuth.de\/home\/wp-content\/uploads\/2016\/06\/2015-16_Abi_Sprecher_web-300x213.jpg 300w, https:\/\/www.rwg-bayreuth.de\/home\/wp-content\/uploads\/2016\/06\/2015-16_Abi_Sprecher_web-250x178.jpg 250w\" sizes=\"(max-width: 350px) 100vw, 350px\" \/><\/a><p id=\"caption-attachment-10117\" class=\"wp-caption-text\">Die Sprecherinnen der Abiturienten dankten<br \/>\nLehrern und Eltern.<\/p><\/div>\n<p>Als Sprecherinnen der Abiturienten ergriffen Lina Reichenberger und Julia N\u00f6ckel das Wort. Sie blickten mit einigen scherzhaften Anekdoten auf die nun verflossene Schulzeit zur\u00fcck, bevor auch sie den Blick nach vorne lenkten: \u201eEs liegt an uns, etwas daraus zu machen,\u201c sagten sie. Der Schulleitung, der Oberstufenbetreuung und allen Lehrern dankten sie f\u00fcr die M\u00fche, den Eltern f\u00fcr ihre Unterst\u00fctzung: \u201eEs waren nicht nur die Fr\u00fchst\u00fccksbrote, die geholfen haben, dass wir es geschafft haben\u201c, gaben sie zu denken.<\/p>\n<div id=\"attachment_10119\" style=\"width: 360px\" class=\"wp-caption alignleft\"><a href=\"https:\/\/www.rwg-bayreuth.de\/home\/wp-content\/uploads\/2016\/06\/2015-16_Abi_Beste_web.jpg\"><img loading=\"lazy\" decoding=\"async\" aria-describedby=\"caption-attachment-10119\" src=\"https:\/\/www.rwg-bayreuth.de\/home\/wp-content\/uploads\/2016\/06\/2015-16_Abi_Beste_web.jpg\" alt=\"Die Besten bekamen einen Preis zum Zeugnis dazu.\" width=\"350\" height=\"233\" class=\"size-full wp-image-10119\" srcset=\"https:\/\/www.rwg-bayreuth.de\/home\/wp-content\/uploads\/2016\/06\/2015-16_Abi_Beste_web.jpg 350w, https:\/\/www.rwg-bayreuth.de\/home\/wp-content\/uploads\/2016\/06\/2015-16_Abi_Beste_web-150x100.jpg 150w, https:\/\/www.rwg-bayreuth.de\/home\/wp-content\/uploads\/2016\/06\/2015-16_Abi_Beste_web-300x200.jpg 300w, https:\/\/www.rwg-bayreuth.de\/home\/wp-content\/uploads\/2016\/06\/2015-16_Abi_Beste_web-250x166.jpg 250w\" sizes=\"(max-width: 350px) 100vw, 350px\" \/><\/a><p id=\"caption-attachment-10119\" class=\"wp-caption-text\">Die Besten bekamen einen Preis zum Zeugnis dazu.<\/p><\/div>\n<p>Die Abiturienten nahmen schlie\u00dflich dankbar, voller Stolz und Freude die Zeugnisumschl\u00e4ge in Empfang. Bei 91 Sch\u00fclerinnen und Sch\u00fclern betrug der Abischnitt heuer 2,3 &#8211; wie Schulleiterin Ursula Graf verk\u00fcndete, ein guter Wert. <\/p>\n<p>Stolz sei man, dass 29mal die Note eins vor den Komma stehe. 14 Sch\u00fclerinnen und Sch\u00fcler hatten einen Abitur-Schnitt von 1,5 oder besser. Sie alle erhielten f\u00fcr ihre Leistung einen Buchpreis des Elternbeirates.<\/p>\n<div id=\"attachment_10120\" style=\"width: 360px\" class=\"wp-caption alignleft\"><a href=\"https:\/\/www.rwg-bayreuth.de\/home\/wp-content\/uploads\/2016\/06\/2015-16_Abi_Musik.jpg\"><img loading=\"lazy\" decoding=\"async\" aria-describedby=\"caption-attachment-10120\" src=\"https:\/\/www.rwg-bayreuth.de\/home\/wp-content\/uploads\/2016\/06\/2015-16_Abi_Musik.jpg\" alt=\"Die Abiturienten selbst sorgten f\u00fcr den musikalischen Rahmen.\" width=\"350\" height=\"263\" class=\"size-full wp-image-10120\" srcset=\"https:\/\/www.rwg-bayreuth.de\/home\/wp-content\/uploads\/2016\/06\/2015-16_Abi_Musik.jpg 350w, https:\/\/www.rwg-bayreuth.de\/home\/wp-content\/uploads\/2016\/06\/2015-16_Abi_Musik-150x113.jpg 150w, https:\/\/www.rwg-bayreuth.de\/home\/wp-content\/uploads\/2016\/06\/2015-16_Abi_Musik-300x225.jpg 300w, https:\/\/www.rwg-bayreuth.de\/home\/wp-content\/uploads\/2016\/06\/2015-16_Abi_Musik-250x188.jpg 250w\" sizes=\"(max-width: 350px) 100vw, 350px\" \/><\/a><p id=\"caption-attachment-10120\" class=\"wp-caption-text\">Die Abiturienten selbst sorgten f\u00fcr den<br \/>\nmusikalischen Rahmen.<\/p><\/div>\n<p>F\u00fcr die musikalische Umrahmung des Abends sorgten Vjollca Mustafa und Maja Popp, begleitet von Christoph Sander. Die richtigen T\u00f6ne traf auch Seden G\u00fcs mit dem Lied \u201eQue sera\u201c: \u201eThe future\u2019s not ours to see,\u201c hei\u00dft es dort. <\/p>\n<p>Das mag sein, aber der Wunsch, dass die Abiturienten etwas daraus machen m\u00f6gen, war an diesem Abend nicht zu \u00fcberh\u00f6ren.<\/p>\n","protected":false},"excerpt":{"rendered":"<p>Mit der feierlichen Verleihung der Zeugnisse ging f\u00fcr die 91 diesj\u00e4hrigen Abiturienten die Schulzeit endg\u00fcltig zu Ende. Aus den H\u00e4nden von Schulleiterin Ursula Graf nahmen sie ihre Reifezeugnisse in Empfang und freuten sich, es geschafft zu haben. Eine nicht zu untersch\u00e4tzende Rolle spielte bei der Verleihung der Zeugnisse vor Eltern, Freunden, Verwandten und Lehrern das&hellip;<\/p>\n","protected":false},"author":2,"featured_media":0,"comment_status":"closed","ping_status":"closed","sticky":false,"template":"","format":"standard","meta":{"footnotes":""},"categories":[1],"tags":[],"_links":{"self":[{"href":"https:\/\/www.rwg-bayreuth.de\/home\/index.php?rest_route=\/wp\/v2\/posts\/10113"}],"collection":[{"href":"https:\/\/www.rwg-bayreuth.de\/home\/index.php?rest_route=\/wp\/v2\/posts"}],"about":[{"href":"https:\/\/www.rwg-bayreuth.de\/home\/index.php?rest_route=\/wp\/v2\/types\/post"}],"author":[{"embeddable":true,"href":"https:\/\/www.rwg-bayreuth.de\/home\/index.php?rest_route=\/wp\/v2\/users\/2"}],"replies":[{"embeddable":true,"href":"https:\/\/www.rwg-bayreuth.de\/home\/index.php?rest_route=%2Fwp%2Fv2%2Fcomments&post=10113"}],"version-history":[{"count":12,"href":"https:\/\/www.rwg-bayreuth.de\/home\/index.php?rest_route=\/wp\/v2\/posts\/10113\/revisions"}],"predecessor-version":[{"id":10136,"href":"https:\/\/www.rwg-bayreuth.de\/home\/index.php?rest_route=\/wp\/v2\/posts\/10113\/revisions\/10136"}],"wp:attachment":[{"href":"https:\/\/www.rwg-bayreuth.de\/home\/index.php?rest_route=%2Fwp%2Fv2%2Fmedia&parent=10113"}],"wp:term":[{"taxonomy":"category","embeddable":true,"href":"https:\/\/www.rwg-bayreuth.de\/home\/index.php?rest_route=%2Fwp%2Fv2%2Fcategories&post=10113"},{"taxonomy":"post_tag","embeddable":true,"href":"https:\/\/www.rwg-bayreuth.de\/home\/index.php?rest_route=%2Fwp%2Fv2%2Ftags&post=10113"}],"curies":[{"name":"wp","href":"https:\/\/api.w.org\/{rel}","templated":true}]}}