{"id":10010,"date":"2016-06-07T08:57:51","date_gmt":"2016-06-07T06:57:51","guid":{"rendered":"http:\/\/www.rwg-bayreuth.de\/home\/?page_id=10010"},"modified":"2017-03-21T17:35:50","modified_gmt":"2017-03-21T16:35:50","slug":"ein-logo-von-den-profis","status":"publish","type":"post","link":"https:\/\/www.rwg-bayreuth.de\/home\/?p=10010","title":{"rendered":"Ein Logo von den Profis"},"content":{"rendered":"<div id=\"attachment_10011\" style=\"width: 360px\" class=\"wp-caption alignleft\"><a href=\"https:\/\/www.rwg-bayreuth.de\/home\/wp-content\/uploads\/2016\/06\/2015-16_Logo_Bastelschere_web.jpg\"><img loading=\"lazy\" decoding=\"async\" aria-describedby=\"caption-attachment-10011\" class=\"size-full wp-image-10011\" src=\"https:\/\/www.rwg-bayreuth.de\/home\/wp-content\/uploads\/2016\/06\/2015-16_Logo_Bastelschere_web.jpg\" alt=\"Die Profis von der Werbeagentur erkl\u00e4rten ihre Entw\u00fcrfe.\" width=\"350\" height=\"261\" srcset=\"https:\/\/www.rwg-bayreuth.de\/home\/wp-content\/uploads\/2016\/06\/2015-16_Logo_Bastelschere_web.jpg 350w, https:\/\/www.rwg-bayreuth.de\/home\/wp-content\/uploads\/2016\/06\/2015-16_Logo_Bastelschere_web-150x112.jpg 150w, https:\/\/www.rwg-bayreuth.de\/home\/wp-content\/uploads\/2016\/06\/2015-16_Logo_Bastelschere_web-300x224.jpg 300w, https:\/\/www.rwg-bayreuth.de\/home\/wp-content\/uploads\/2016\/06\/2015-16_Logo_Bastelschere_web-250x186.jpg 250w\" sizes=\"(max-width: 350px) 100vw, 350px\" \/><\/a><p id=\"caption-attachment-10011\" class=\"wp-caption-text\">Die Profis von der Werbeagentur erkl\u00e4rten<br \/>ihre Entw\u00fcrfe.<\/p><\/div>\n<p>Wie entsteht das Logo eines Unternehmens? Dies durften Sophia K\u00f6lpien und Louis F\u00f6rster, zwei Sch\u00fcler des P-Seminars Wirtschaft und Recht des RWG, bei der Zusammenarbeit mit der Werbeagentur GMK erfahren.<\/p>\n<p>Wenn man ein Unternehmen gr\u00fcndet braucht man sowohl einen Namen als auch ein Logo, das den Wiedererkennungswert der Firma steigert. Da wir Sch\u00fcler \u00fcberhaupt keine Ahnung von der Gestaltung eines Logos hatten mussten wir uns Hilfe suchen. Die fanden wir gl\u00fccklicherweise bei der Werbeagentur GMK.<\/p>\n<p>Das erste Treffen mit den Profis der Agentur hatten wir am 26. April, der Gesch\u00e4ftsf\u00fchrer J\u00f6rg Lichtenegger und die Auszubildenden Luka Popp, fr\u00fcher Sch\u00fclerin unserer Schule, nahmen sich Zeit f\u00fcr uns. Wir stellten unser im Rahmen des P-Seminars Wirtschaft und Recht gegr\u00fcndetes Unternehmen &#8222;BastelSchere&#8220; vor und pr\u00e4sentierten den beiden unser Konzept. Danach berichteten wir von unseren Vorstellungen wie das Logo ungef\u00e4hr aussehen sollte.<\/p>\n<div id=\"attachment_10012\" style=\"width: 210px\" class=\"wp-caption alignleft\"><a href=\"https:\/\/www.rwg-bayreuth.de\/home\/wp-content\/uploads\/2016\/06\/2015-16_Logo_bastelschere_logo.jpg\"><img loading=\"lazy\" decoding=\"async\" aria-describedby=\"caption-attachment-10012\" class=\"size-full wp-image-10012\" src=\"https:\/\/www.rwg-bayreuth.de\/home\/wp-content\/uploads\/2016\/06\/2015-16_Logo_bastelschere_logo.jpg\" alt=\"So sieht das Logo aus.\" width=\"200\" height=\"50\" srcset=\"https:\/\/www.rwg-bayreuth.de\/home\/wp-content\/uploads\/2016\/06\/2015-16_Logo_bastelschere_logo.jpg 200w, https:\/\/www.rwg-bayreuth.de\/home\/wp-content\/uploads\/2016\/06\/2015-16_Logo_bastelschere_logo-150x38.jpg 150w\" sizes=\"(max-width: 200px) 100vw, 200px\" \/><\/a><p id=\"caption-attachment-10012\" class=\"wp-caption-text\">So sieht das Logo aus.<\/p><\/div>\n<p>Die Auszubildende Luca Popp beriet uns professionell bei der Farbauswahl und zeigte uns ein paar M\u00f6glichkeiten f\u00fcr die Gestaltung des Logos. Es war f\u00fcr uns sehr interessant, mit den Profis zu arbeiten und einen Einblick in deren spannende Arbeitswelt zu bekommen. Bei einem weiteren Treffen pr\u00e4sentierte uns Frau Popp verschiedene Versionen eines m\u00f6glichen Logos, aus denen wir anschlie\u00dfend unser offizielles &#8222;Firmenzeichen&#8220; aussuchen durften.<\/p>\n<p>Wir, das Team der BastelSchere, m\u00f6chten uns ganz herzlich f\u00fcr die tolle kreative Unterst\u00fctzung bei GMK bedanken!<\/p>\n<p><em>Sophia K\u00f6lpien &amp; Louis F\u00f6rster Q11<\/em><\/p>\n","protected":false},"excerpt":{"rendered":"<p>Wie entsteht das Logo eines Unternehmens? Dies durften Sophia K\u00f6lpien und Louis F\u00f6rster, zwei Sch\u00fcler des P-Seminars Wirtschaft und Recht des RWG, bei der Zusammenarbeit mit der Werbeagentur GMK erfahren. Wenn man ein Unternehmen gr\u00fcndet braucht man sowohl einen Namen als auch ein Logo, das den Wiedererkennungswert der Firma steigert. Da wir Sch\u00fcler \u00fcberhaupt keine&hellip;<\/p>\n","protected":false},"author":2,"featured_media":10011,"comment_status":"closed","ping_status":"closed","sticky":false,"template":"","format":"standard","meta":{"footnotes":""},"categories":[1],"tags":[64,53],"_links":{"self":[{"href":"https:\/\/www.rwg-bayreuth.de\/home\/index.php?rest_route=\/wp\/v2\/posts\/10010"}],"collection":[{"href":"https:\/\/www.rwg-bayreuth.de\/home\/index.php?rest_route=\/wp\/v2\/posts"}],"about":[{"href":"https:\/\/www.rwg-bayreuth.de\/home\/index.php?rest_route=\/wp\/v2\/types\/post"}],"author":[{"embeddable":true,"href":"https:\/\/www.rwg-bayreuth.de\/home\/index.php?rest_route=\/wp\/v2\/users\/2"}],"replies":[{"embeddable":true,"href":"https:\/\/www.rwg-bayreuth.de\/home\/index.php?rest_route=%2Fwp%2Fv2%2Fcomments&post=10010"}],"version-history":[{"count":3,"href":"https:\/\/www.rwg-bayreuth.de\/home\/index.php?rest_route=\/wp\/v2\/posts\/10010\/revisions"}],"predecessor-version":[{"id":14778,"href":"https:\/\/www.rwg-bayreuth.de\/home\/index.php?rest_route=\/wp\/v2\/posts\/10010\/revisions\/14778"}],"wp:featuredmedia":[{"embeddable":true,"href":"https:\/\/www.rwg-bayreuth.de\/home\/index.php?rest_route=\/wp\/v2\/media\/10011"}],"wp:attachment":[{"href":"https:\/\/www.rwg-bayreuth.de\/home\/index.php?rest_route=%2Fwp%2Fv2%2Fmedia&parent=10010"}],"wp:term":[{"taxonomy":"category","embeddable":true,"href":"https:\/\/www.rwg-bayreuth.de\/home\/index.php?rest_route=%2Fwp%2Fv2%2Fcategories&post=10010"},{"taxonomy":"post_tag","embeddable":true,"href":"https:\/\/www.rwg-bayreuth.de\/home\/index.php?rest_route=%2Fwp%2Fv2%2Ftags&post=10010"}],"curies":[{"name":"wp","href":"https:\/\/api.w.org\/{rel}","templated":true}]}}