{"id":1,"date":"2009-01-01T01:00:30","date_gmt":"2009-01-01T00:00:30","guid":{"rendered":"http:\/\/www.rwg-bayreuth.de\/home\/?p=1"},"modified":"2017-05-05T14:43:38","modified_gmt":"2017-05-05T12:43:38","slug":"hallo-welt","status":"publish","type":"post","link":"https:\/\/www.rwg-bayreuth.de\/home\/?p=1","title":{"rendered":"Von 1867 bis zur Gegenwart"},"content":{"rendered":"<p style=\"font-size:200%\">\nSie sind bei Ihrer Reise durch die Geschichte unserer Schule in der Gegenwart angekommen.\n<\/p>\n<p style=\"font-size:200%\">\nLust auf mehr:\n<\/p>\n<ul class=\"linkliste\">\n<li><a href=\"https:\/\/www.rwg-bayreuth.de\/home\/?page_id=3915\" style=\"font-size:120%; font-weight:bold; text-align:center; border: solid black 3px;\">RWG aktuell<\/a><\/li>\n<\/ul>\n<p style=\"font-size:200%\">\noder\n<\/p>\n<ul class=\"linkliste\">\n<li><a href=\"https:\/\/www.rwg-bayreuth.de\/home\/?page_id=10746\" style=\"font-size:120%; font-weight:bold; text-align:center; border: solid black 3px;\">zur \u00dcbersicht unsrer Schulgeschichte<\/a><\/li>\n<\/ul>\n<p><!--<a href=\"https:\/\/www.rwg-bayreuth.de\/home\/wp-content\/uploads\/2012\/01\/Graf_marginright_thumb.jpg\"><img loading=\"lazy\" decoding=\"async\" class=\"alignleft size-full wp-image-4466\" src=\"https:\/\/www.rwg-bayreuth.de\/home\/wp-content\/uploads\/2012\/01\/Graf_marginright_thumb.jpg\" alt=\"Graf_marginright_thumb\" width=\"108\" height=\"149\" \/><\/a><strong>Liebe Eltern,<\/strong>\n<span style=\"color: #ffffff;\">blank<\/span>\nam Donnerstag, 27.10., ist am RWG Elternbeiratswahl.\n<span style=\"color: #ffffff;\">blank<\/span>\nDas RWG legt gro\u00dfen Wert auf eine vertrauensvolle Zusammenarbeit mit den Elternh\u00e4usern. Der Elternbeirat ist die Institution, welche es den Eltern erm\u00f6glicht, sich auf vielf\u00e4ltige Art und Weise f\u00fcr die Schule Ihres Kindes zu engagieren. Wir brauchen Eltern, die sich aktiv in das Schulleben einbringen.\nDeshalb bitte ich Sie herzlich: Stellen Sie sich als Kandidatin oder Kandidat. Kommen Sie zur Wahl! Ihre Kinder verbringen einen gro\u00dfen Teil des Jahres in der Schule, helfen Sie diesen Lebensraum mitzugestalten.\n<span style=\"color: #ffffff;\">blank<\/span>\nIhre\nU. Graf\nSchulleiterin\n<span style=\"color: #ffffff;\">blank<\/span>\n\n\n\n<hr style=\"border: none; border-top: 1px solid #e6e6e6; color: #e6e6e6; height: 1px;\" \/>\n\n\n\n<h3>Ritchie-Preis Stories<\/h3>\n\n\n<a href=\"https:\/\/www.rwg-bayreuth.de\/home\/wp-content\/uploads\/2012\/01\/Richie_Thumb2.jpg\" rel=\"attachment wp-att-9211\"><img loading=\"lazy\" decoding=\"async\" class=\"alignleft size-full wp-image-9211\" src=\"https:\/\/www.rwg-bayreuth.de\/home\/wp-content\/uploads\/2012\/01\/Richie_Thumb2.jpg\" alt=\"Richie_Thumb2\" width=\"108\" height=\"116\" \/><\/a>\n\n<a href=\"https:\/\/www.rwg-bayreuth.de\/home\/?page_id=9240\">Die Preistr\u00e4ger...<\/a>\n<a href=\"https:\/\/www.rwg-bayreuth.de\/home\/?page_id=9262\">Die Nominierten...<\/a>\n<a href=\"https:\/\/www.rwg-bayreuth.de\/home\/?page_id=9200\">Die Zeremonie...<\/a>\n<a href=\"https:\/\/www.rwg-bayreuth.de\/home\/?page_id=9196\">Der Preis...<\/a>\n<a href=\"https:\/\/www.rwg-bayreuth.de\/home\/?page_id=9177\">Die Sieger stehen fest...<\/a>\n\n\n\n<hr style=\"border: none; border-top: 1px solid #e6e6e6; color: #e6e6e6; height: 1px;\" \/>\n\n\n\n<h3>Elternbrief<\/h3>\n\n\nDer neue Elternbrief ist da <a href=\"https:\/\/www.rwg-bayreuth.de\/home\/?page_id=111\" target=\"_blank\">[mehr...]<\/a>\n<span style=\"color: #ffffff;\">blank<\/span>\n\n\n\n<hr style=\"border: none; border-top: 1px solid #e6e6e6; color: #e6e6e6; height: 1px;\" \/>\n\n\n\n<h3>Termine<\/h3>\n\n\n<strongstyle=\"color: #2e88fe; font-size: larger;\">Oktober<\/strong>\n\n<strong>29.10. bis 6.11 | Herbstferien<\/strong>\n\n&nbsp;\n\n<strong style=\"color: #2e88fe; font-size: larger;\">November<\/strong>\n\n&nbsp;\n\n<strong>24.11.\u00a0| <\/strong>19:00 <strong> | Info-Abend f\u00fcr die 10.\u00a0Klassen <\/strong>zur Oberstufe (Aula)\n\n&nbsp;\n\n<strong>29.11. | <\/strong>19:00 \u2013 21:00 <strong> | 1. Allgemeiner Elternsprechtag<\/strong> f\u00fcr die 5.\u00a0Klassen\n\n&nbsp;\n\n<strong style=\"color: #2e88fe; font-size: larger;\">Dezember<\/strong>\n\n&nbsp;\n\n<strong>1.12. | <\/strong>18:30 Uhr <strong>| Informationsabend<\/strong> zur schulischen und beruflichen Orientierung nach der <strong>10.<\/strong> Jahrgangsstufe (Aula)\n\n&nbsp;\n\n<strong>06.12. |<\/strong> 7:45 \u2013 12:45 <strong> | Vorlesewettbewerb<\/strong> der 6.\u00a0Klassen (Aula)\n\n&nbsp;\n\n<strong>08.12. |<\/strong> 17:45 \u2013 18:30 <strong> | Infoabend<\/strong> f\u00fcr die <strong>7.\u00a0Klassen<\/strong>; Thema Skikurs\n\n&nbsp;\n\n<strong>08.12. |<\/strong> 18:30 \u2013 21:00 <strong> | 1. Allgemeiner Elternsprechtag<\/strong> Kl.6-12\n\n&nbsp;\n\n<strong>22.12. |<\/strong> 17:00 und 19:00 <strong> | Weihnachtskonzert<\/strong> in der Christuskirche\n\n&nbsp;\n\n<strong>23.12. |<\/strong> \u00d6kumenischer <strong>Weihnachtsgottesdienst<\/strong> (Stadtkirche)\n\n&nbsp;\n\n<strong style=\"color: #2e88fe; font-size: larger;\">Ausblick<\/strong>\n\n&nbsp;\n\n<strong>25.03.2017 | Informationsveranstaltung f\u00fcr die Eltern und Sch\u00fcler der neuen 5. Klassen<\/strong>\n\n&nbsp;\n\n<strong>8. 5. bis 12. 5.2017 | Anmeldetermin <\/strong>(neue Sch\u00fcler der 5. Klassen)--><\/p>\n","protected":false},"excerpt":{"rendered":"<p>Sie sind bei Ihrer Reise durch die Geschichte unserer Schule in der Gegenwart angekommen. Lust auf mehr: RWG aktuell oder zur \u00dcbersicht unsrer Schulgeschichte<\/p>\n","protected":false},"author":1,"featured_media":0,"comment_status":"closed","ping_status":"closed","sticky":false,"template":"","format":"standard","meta":{"footnotes":""},"categories":[32],"tags":[],"_links":{"self":[{"href":"https:\/\/www.rwg-bayreuth.de\/home\/index.php?rest_route=\/wp\/v2\/posts\/1"}],"collection":[{"href":"https:\/\/www.rwg-bayreuth.de\/home\/index.php?rest_route=\/wp\/v2\/posts"}],"about":[{"href":"https:\/\/www.rwg-bayreuth.de\/home\/index.php?rest_route=\/wp\/v2\/types\/post"}],"author":[{"embeddable":true,"href":"https:\/\/www.rwg-bayreuth.de\/home\/index.php?rest_route=\/wp\/v2\/users\/1"}],"replies":[{"embeddable":true,"href":"https:\/\/www.rwg-bayreuth.de\/home\/index.php?rest_route=%2Fwp%2Fv2%2Fcomments&post=1"}],"version-history":[{"count":1560,"href":"https:\/\/www.rwg-bayreuth.de\/home\/index.php?rest_route=\/wp\/v2\/posts\/1\/revisions"}],"predecessor-version":[{"id":15145,"href":"https:\/\/www.rwg-bayreuth.de\/home\/index.php?rest_route=\/wp\/v2\/posts\/1\/revisions\/15145"}],"wp:attachment":[{"href":"https:\/\/www.rwg-bayreuth.de\/home\/index.php?rest_route=%2Fwp%2Fv2%2Fmedia&parent=1"}],"wp:term":[{"taxonomy":"category","embeddable":true,"href":"https:\/\/www.rwg-bayreuth.de\/home\/index.php?rest_route=%2Fwp%2Fv2%2Fcategories&post=1"},{"taxonomy":"post_tag","embeddable":true,"href":"https:\/\/www.rwg-bayreuth.de\/home\/index.php?rest_route=%2Fwp%2Fv2%2Ftags&post=1"}],"curies":[{"name":"wp","href":"https:\/\/api.w.org\/{rel}","templated":true}]}}